{"id":676,"date":"2017-03-08T22:14:00","date_gmt":"2017-03-08T22:14:00","guid":{"rendered":"http:\/\/parqueespana2.com.mx\/?p=676"},"modified":"2025-01-17T16:35:09","modified_gmt":"2025-01-17T16:35:09","slug":"curso-de-verano-2013","status":"publish","type":"post","link":"https:\/\/parqueespana2.com.mx\/?p=676","title":{"rendered":"Curso de verano 2013"},"content":{"rendered":"<p>El pasado viernes 9 de agosto se desarroll\u00f3 el festival con el cual se dio fin al programa de verano 2013. Como cada a\u00f1o, realizamos con \u00e9xito nuestras actividades diarias y especiales programadas que fueron del gusto de todos nuestros ni\u00f1os participantes.<\/p>\n<p>&nbsp;<\/p>\n<p>Guerra de globos, excursi\u00f3n, campamento nocturno, festival de clausura m\u00e1s todas nuestras actividades diarias de formaci\u00f3n f\u00edsica, deportivas, ecol\u00f3gicas y manuales que le dieron forma al curso, y dimos entrada a nuevos programas de fueron todo un \u00e9xito entre los participantes que en esta ocasi\u00f3n llegaron a 290 ni\u00f1os en 6 categor\u00edas que durante 5 semanas disfrutaron del programa con los resultados esperados.<\/p>\n<p>&nbsp;<\/p>\n<p>Del 08 de julio al 09 de agosto del presente a\u00f1o se desarrollo nuestro programa para ni\u00f1os de 2 a 14 a\u00f1os con actividades propias de cada edad. Tuvimos tambi\u00e9n la participaci\u00f3n de empresas que con cursos especiales ayudaron complementaron el programa. Le damos las gracias a Farmadroguer\u00eda Medina, Book kids (librer\u00eda infantil interactiva), Centro para el Estudio de la Biosfera, Televisa Puebla, Plastilines (taller de creatividad).<br \/>\nLes mandamos tambi\u00e9n una felicitaci\u00f3n a todos nuestros participantes y de manera especial a todos nuestros colaboradores (jefes de grupo, promotores e instructores) que este a\u00f1o colaboraron en el desarrollo del programa y que sin su ayuda esto no hubiera sido posible. Nos vemos en el 2014.<\/p>\n<p>&nbsp;<\/p>\n<p><a href=\"http:\/\/www.flickr.com\/photos\/100630171@N06\/sets\/72157635179340600\/\" target=\"_blank\" rel=\"noopener noreferrer\">http:\/\/www.flickr.com\/photos\/100630171@N06\/sets\/72157635179340600\/<\/a><\/p>\n<p><object width=\"750\" height=\"563\"><param name=\"flashvars\" value=\"offsite=true&amp;lang=es-us&amp;page_show_url=%2Fphotos%2F100630171%40N06%2Fsets%2F72157635179340600%2Fshow%2F&amp;page_show_back_url=%2Fphotos%2F100630171%40N06%2Fsets%2F72157635179340600%2F&amp;set_id=72157635179340600&amp;jump_to=\" \/><param name=\"movie\" value=\"http:\/\/www.flickr.com\/apps\/slideshow\/show.swf?v=124984\" \/><param name=\"allowFullScreen\" value=\"true\" \/><embed type=\"application\/x-shockwave-flash\" src=\"http:\/\/www.flickr.com\/apps\/slideshow\/show.swf?v=124984\" allowfullscreen=\"allowfullscreen\" flashvars=\"offsite=true&amp;lang=es-us&amp;page_show_url=%2Fphotos%2F100630171%40N06%2Fsets%2F72157635179340600%2Fshow%2F&amp;page_show_back_url=%2Fphotos%2F100630171%40N06%2Fsets%2F72157635179340600%2F&amp;set_id=72157635179340600&amp;jump_to=\" width=\"750\" height=\"563\" \/><\/object><\/p>\n","protected":false},"excerpt":{"rendered":"<p>El pasado viernes 9 de agosto se desarroll\u00f3 el festival con el cual se dio fin al programa de verano 2013. Como cada a\u00f1o, realizamos con \u00e9xito nuestras actividades diarias y especiales programadas que fueron del gusto de todos nuestros ni\u00f1os participantes. &nbsp; Guerra de globos, excursi\u00f3n, campamento nocturno, festival de clausura m\u00e1s todas nuestras [&hellip;]<\/p>\n","protected":false},"author":2,"featured_media":6653,"comment_status":"closed","ping_status":"closed","sticky":false,"template":"","format":"standard","meta":{"footnotes":""},"categories":[23],"tags":[],"class_list":["post-676","post","type-post","status-publish","format-standard","has-post-thumbnail","hentry","category-cursos-2013"],"_links":{"self":[{"href":"https:\/\/parqueespana2.com.mx\/index.php?rest_route=\/wp\/v2\/posts\/676","targetHints":{"allow":["GET"]}}],"collection":[{"href":"https:\/\/parqueespana2.com.mx\/index.php?rest_route=\/wp\/v2\/posts"}],"about":[{"href":"https:\/\/parqueespana2.com.mx\/index.php?rest_route=\/wp\/v2\/types\/post"}],"author":[{"embeddable":true,"href":"https:\/\/parqueespana2.com.mx\/index.php?rest_route=\/wp\/v2\/users\/2"}],"replies":[{"embeddable":true,"href":"https:\/\/parqueespana2.com.mx\/index.php?rest_route=%2Fwp%2Fv2%2Fcomments&post=676"}],"version-history":[{"count":1,"href":"https:\/\/parqueespana2.com.mx\/index.php?rest_route=\/wp\/v2\/posts\/676\/revisions"}],"predecessor-version":[{"id":6682,"href":"https:\/\/parqueespana2.com.mx\/index.php?rest_route=\/wp\/v2\/posts\/676\/revisions\/6682"}],"wp:featuredmedia":[{"embeddable":true,"href":"https:\/\/parqueespana2.com.mx\/index.php?rest_route=\/wp\/v2\/media\/6653"}],"wp:attachment":[{"href":"https:\/\/parqueespana2.com.mx\/index.php?rest_route=%2Fwp%2Fv2%2Fmedia&parent=676"}],"wp:term":[{"taxonomy":"category","embeddable":true,"href":"https:\/\/parqueespana2.com.mx\/index.php?rest_route=%2Fwp%2Fv2%2Fcategories&post=676"},{"taxonomy":"post_tag","embeddable":true,"href":"https:\/\/parqueespana2.com.mx\/index.php?rest_route=%2Fwp%2Fv2%2Ftags&post=676"}],"curies":[{"name":"wp","href":"https:\/\/api.w.org\/{rel}","templated":true}]}}