{"id":4593,"date":"2023-08-24T13:14:57","date_gmt":"2023-08-24T18:14:57","guid":{"rendered":"http:\/\/parqueespana2.com.mx\/?p=4593"},"modified":"2025-01-20T16:56:34","modified_gmt":"2025-01-20T16:56:34","slug":"programa-de-verano-2023","status":"publish","type":"post","link":"https:\/\/parqueespana2.com.mx\/?p=4593","title":{"rendered":"PROGRAMA DE VERANO 2023:"},"content":{"rendered":"<p><span style=\"font-weight: 400;\">Como una tradici\u00f3n en el deportivo, se desarroll\u00f3 nuestro programa de verano 2023 que se reactiv\u00f3 con la alegr\u00eda y entusiasmo de nuestros ni\u00f1os y con los resultados esperados por los organizadores. Del 24 de julio al 18 de agosto del presente a\u00f1o se llev\u00f3 a cabo nuestro programa anual de verano y con cuatro escuelas deportivas y cuatro categor\u00edas diferentes, concluyendo con una demostraci\u00f3n de actividades de lo aprendido durante este periodo vacacional.\u00a0<\/span><\/p>\n<p><span style=\"font-weight: 400;\">Este a\u00f1o contamos con cuatro escuelas para todas las edades y gustos. Escuela de formaci\u00f3n f\u00edsica, futbol, tenis y danzas fueron la base del programa complementadas con actividades que enriquecieron el programa d\u00e1ndole una variante del gusto de los ni\u00f1os\u00a0 (ecolog\u00eda, yoga, actividades recreativas, excursi\u00f3n, campamento y un festival de clausura) de 2 a 14 a\u00f1os.\u00a0<\/span><\/p>\n<p><span style=\"font-weight: 400;\">Este a\u00f1o la excursi\u00f3n fue a la estaci\u00f3n de bomberos de Valsequillo donde los ni\u00f1os hicieron un recorrido por las instalaciones y el personal dio una explicaci\u00f3n y demostraci\u00f3n del funcionamiento de sus diferentes \u00e1reas de trabajo. No pod\u00eda faltar nuestro cl\u00e1sico campamento nocturno con juegos y fogata, y nuestro festival de clausura de las cuatro escuelas deportivas.<\/span><\/p>\n<p><span style=\"font-weight: 400;\">Fueron 265 ni\u00f1os en total los participantes durante las 4 semanas que dur\u00f3 el programa con los resultados esperados.<\/span><\/p>\n<p><span style=\"font-weight: 400;\">Le damos las gracias nuestra directiva por su apoyo incondicional, al Centro para el Estudio de la Biosfera, al cuerpo de bomberos de nuestra entidad por su entusiasmo durante nuestra visita, y por supuesto a todo nuestro personal (coordinadores de escuela, instructores y promotores) por su gran apoyo y entrega a su trabajo, a los padres de familia y por sobre todas las cosas, a todos los ni\u00f1os participantes, les damos las gracias por la confianza y apoyo incondicional en este programa 2023.\u00a0<\/span><\/p>\n<p><span style=\"font-weight: 400;\">Nos vemos en el 2024.<\/span><\/p>\n<p><a title=\"DPE Curso de verano\" href=\"https:\/\/www.flickr.com\/photos\/parqueespana\/albums\/72177720310720418\" data-flickr-embed=\"true\"><img fetchpriority=\"high\" decoding=\"async\" src=\"https:\/\/live.staticflickr.com\/31337\/53138909531_ec5bb5e848_z.jpg\" alt=\"DPE Curso de verano\" width=\"1200\" height=\"1600\" \/><\/a><script async src=\"\/\/embedr.flickr.com\/assets\/client-code.js\" charset=\"utf-8\"><\/script><\/p>\n","protected":false},"excerpt":{"rendered":"<p>Como una tradici\u00f3n en el deportivo, se desarroll\u00f3 nuestro programa de verano 2023 que se reactiv\u00f3 con la alegr\u00eda y entusiasmo de nuestros ni\u00f1os y con los resultados esperados por los organizadores. Del 24 de julio al 18 de agosto del presente a\u00f1o se llev\u00f3 a cabo nuestro programa anual de verano y con cuatro [&hellip;]<\/p>\n","protected":false},"author":2,"featured_media":7251,"comment_status":"closed","ping_status":"closed","sticky":false,"template":"","format":"standard","meta":{"footnotes":""},"categories":[66],"tags":[],"class_list":["post-4593","post","type-post","status-publish","format-standard","has-post-thumbnail","hentry","category-portada"],"_links":{"self":[{"href":"https:\/\/parqueespana2.com.mx\/index.php?rest_route=\/wp\/v2\/posts\/4593","targetHints":{"allow":["GET"]}}],"collection":[{"href":"https:\/\/parqueespana2.com.mx\/index.php?rest_route=\/wp\/v2\/posts"}],"about":[{"href":"https:\/\/parqueespana2.com.mx\/index.php?rest_route=\/wp\/v2\/types\/post"}],"author":[{"embeddable":true,"href":"https:\/\/parqueespana2.com.mx\/index.php?rest_route=\/wp\/v2\/users\/2"}],"replies":[{"embeddable":true,"href":"https:\/\/parqueespana2.com.mx\/index.php?rest_route=%2Fwp%2Fv2%2Fcomments&post=4593"}],"version-history":[{"count":1,"href":"https:\/\/parqueespana2.com.mx\/index.php?rest_route=\/wp\/v2\/posts\/4593\/revisions"}],"predecessor-version":[{"id":7258,"href":"https:\/\/parqueespana2.com.mx\/index.php?rest_route=\/wp\/v2\/posts\/4593\/revisions\/7258"}],"wp:featuredmedia":[{"embeddable":true,"href":"https:\/\/parqueespana2.com.mx\/index.php?rest_route=\/wp\/v2\/media\/7251"}],"wp:attachment":[{"href":"https:\/\/parqueespana2.com.mx\/index.php?rest_route=%2Fwp%2Fv2%2Fmedia&parent=4593"}],"wp:term":[{"taxonomy":"category","embeddable":true,"href":"https:\/\/parqueespana2.com.mx\/index.php?rest_route=%2Fwp%2Fv2%2Fcategories&post=4593"},{"taxonomy":"post_tag","embeddable":true,"href":"https:\/\/parqueespana2.com.mx\/index.php?rest_route=%2Fwp%2Fv2%2Ftags&post=4593"}],"curies":[{"name":"wp","href":"https:\/\/api.w.org\/{rel}","templated":true}]}}